{"id":1378,"date":"2024-06-03T00:04:10","date_gmt":"2024-06-02T22:04:10","guid":{"rendered":"https:\/\/corona-impfschaden-hilfe.de\/wordpress\/?p=1378"},"modified":"2025-02-10T21:41:02","modified_gmt":"2025-02-10T20:41:02","slug":"fuehrender-japanischer-onkologe-mrna-impfstoffe-sind-im-grunde-genommen-mord","status":"publish","type":"post","link":"https:\/\/corona-impfschaden-hilfe.de\/wordpress\/2024\/06\/03\/fuehrender-japanischer-onkologe-mrna-impfstoffe-sind-im-grunde-genommen-mord\/","title":{"rendered":"F\u00fchrender japanischer Onkologe: mRNA-Impfstoffe sind \u201eim Grunde genommen Mord\u201c"},"content":{"rendered":"\n<p>Japans f\u00fchrender Krebsmediziner Prof. Masanori Fukushima \u00fcbt seit einiger Zeit heftige Kritik angeischts immer klarer werden Schadwirkungen durch die Corona-Impfkampagen insbesondere durch die mRNA_Gentechnologie. K\u00fcrzlich ekl\u00e4rte er, die mRNA-Impfstoffe sind \u201edas Werk des B\u00f6sen\u201c und stellen \u201eim Grunde genommen Mord\u201c dar.<\/p>\n\n\n\n<p>Diese Bemerkungen machte Dr. Masanori Fukushima in einem k\u00fcrzlich erschienenen Interview. Der emeritierte Onkologe gr\u00fcndete die erste Krebsambulanz an der Universit\u00e4t Kyoto in Japan und war f\u00fcr den ersten Kurs in Pharmakoepidemiologie an der Schule verantwortlich.<\/p>\n\n\n\n<p>Er nannte eine besonders alarmierende Nebenwirkung, \u00fcber die die Mainstream-Medien nicht berichten \u2013 die Pr\u00e4valenz von \u201eTurbo-Krebsarten\u201c, die \u201ezuvor von \u00c4rzten nicht gesehen wurden\u201c. Er sagte, dass diese Krebsarten nach der Einf\u00fchrung der Impfstoffe auftraten und so schnell fortschritten, dass sie oft schon im Stadium 4 sind, wenn die \u00c4rzte sie diagnostizieren.<br><br><a href=\"https:\/\/tkp.at\/2024\/05\/20\/fuehrender-japanischer-onkologe-mrna-impfstoffe-sind-im-grunde-genommen-mord\">zum Originalartikel<\/a><\/p>\n","protected":false},"excerpt":{"rendered":"<p>Japans f\u00fchrender Krebsmediziner Prof. Masanori Fukushima \u00fcbt seit einiger Zeit heftige Kritik angeischts immer klarer werden Schadwirkungen durch die Corona-Impfkampagen insbesondere durch die mRNA_Gentechnologie. K\u00fcrzlich ekl\u00e4rte er, die mRNA-Impfstoffe sind \u201edas Werk des B\u00f6sen\u201c und stellen \u201eim Grunde genommen Mord\u201c dar. Diese Bemerkungen machte Dr. Masanori Fukushima in einem k\u00fcrzlich erschienenen Interview. Der emeritierte Onkologe [&hellip;]<\/p>\n","protected":false},"author":1,"featured_media":0,"comment_status":"open","ping_status":"open","sticky":false,"template":"","format":"standard","meta":{"_et_pb_use_builder":"off","_et_pb_old_content":"","_et_gb_content_width":"","footnotes":""},"categories":[8],"tags":[],"class_list":["post-1378","post","type-post","status-publish","format-standard","hentry","category-verlinkt"],"acf":[],"_links":{"self":[{"href":"https:\/\/corona-impfschaden-hilfe.de\/wordpress\/wp-json\/wp\/v2\/posts\/1378","targetHints":{"allow":["GET"]}}],"collection":[{"href":"https:\/\/corona-impfschaden-hilfe.de\/wordpress\/wp-json\/wp\/v2\/posts"}],"about":[{"href":"https:\/\/corona-impfschaden-hilfe.de\/wordpress\/wp-json\/wp\/v2\/types\/post"}],"author":[{"embeddable":true,"href":"https:\/\/corona-impfschaden-hilfe.de\/wordpress\/wp-json\/wp\/v2\/users\/1"}],"replies":[{"embeddable":true,"href":"https:\/\/corona-impfschaden-hilfe.de\/wordpress\/wp-json\/wp\/v2\/comments?post=1378"}],"version-history":[{"count":4,"href":"https:\/\/corona-impfschaden-hilfe.de\/wordpress\/wp-json\/wp\/v2\/posts\/1378\/revisions"}],"predecessor-version":[{"id":1406,"href":"https:\/\/corona-impfschaden-hilfe.de\/wordpress\/wp-json\/wp\/v2\/posts\/1378\/revisions\/1406"}],"wp:attachment":[{"href":"https:\/\/corona-impfschaden-hilfe.de\/wordpress\/wp-json\/wp\/v2\/media?parent=1378"}],"wp:term":[{"taxonomy":"category","embeddable":true,"href":"https:\/\/corona-impfschaden-hilfe.de\/wordpress\/wp-json\/wp\/v2\/categories?post=1378"},{"taxonomy":"post_tag","embeddable":true,"href":"https:\/\/corona-impfschaden-hilfe.de\/wordpress\/wp-json\/wp\/v2\/tags?post=1378"}],"curies":[{"name":"wp","href":"https:\/\/api.w.org\/{rel}","templated":true}]}}